{"id":5233,"date":"2026-03-09T10:15:37","date_gmt":"2026-03-09T08:15:37","guid":{"rendered":"https:\/\/interim-manager-einkauf.de\/?p=5233"},"modified":"2026-03-08T11:59:34","modified_gmt":"2026-03-08T09:59:34","slug":"handelsblatt-cpo-summit-2026","status":"publish","type":"post","link":"https:\/\/interim-manager-einkauf.de\/en\/handelsblatt-cpo-summit-2026\/","title":{"rendered":"HANDELSBLATT CPO-SUMMIT 2026"},"content":{"rendered":"<p><span class=\"break-words          tvm-parent-container\"><span dir=\"ltr\">\u2139\ufe0fHANDELSBLATT CPO-SUMMIT 2026\u2139\ufe0f<\/p>\n<p>Der etablierte, von Einkaufsleitern und auch mir sehr gesch\u00e4tzte 3. Handelsblatt CPO-Summit f\u00fcr Einkaufs- und Procurement-F\u00fchrungskr\u00e4fte findet statt am:<\/p>\n<p>\ud83d\udcc5 27.4 und 28.4.2026 in D\u00fcsseldorf<\/p>\n<p>Vom DAX-Konzern zum Mittelstand schauen wir branchen\u00fcbergreifend auf die Themen, die den Einkauf bewegen. Sachlich, konstruktiv und kritisch. Insbesondere in Zeiten geopolitischer Umbr\u00fcche stehen Einkauf und CPO im Zentrum und m\u00fcssen mehr denn je als strategischer Zukunftsgestalter agieren.<\/p>\n<p>Inhalte<br \/>\n\u2705Wie k\u00f6nnen Einkaufsstrategien widerstandsf\u00e4hig und zukunftsorientiert gestaltet werden?<br \/>\n\u2705Wie wird AI zum Gamechanger f\u00fcr Einkaufsorganisationen?<br \/>\n\u2705Br\u00fccken bauen: Einkauf im Schulterschluss mit Vertrieb, Produktion, Entwicklung und Finance<br \/>\n\u2705Welche Rolle spielt der CPO als Treiber f\u00fcr Innovation und Transformation?<br \/>\n\u2705Wie gelingt der Spagat zwischen Nachhaltigkeit und Wirtschaftlichkeit?<\/p>\n<p>Das erwartet Sie<br \/>\n\u2714\ufe0fTreffen Sie die Einkaufsentscheiderinnen und -entscheider gro\u00dfer und mittelst\u00e4ndischer Unternehmen aller Branche in einem exklusiven Rahmen.<br \/>\n\u2714\ufe0f Internationale Einblicke durch Live-Schaltungen zu Handelsblatt-Korrespondentinnen und -Korrespondenten.<br \/>\n\u2714\ufe0fAustausch auf Augenh\u00f6he \u2013 tauschen Sie sich in vertraulichem Rahmen aus.<br \/>\n\u2714\ufe0f Erleben Sie mit vielen Best Practices, Powertalks, Panel-Diskussionen, Impuls-Vortr\u00e4gen und unterschiedlichen Networking-M\u00f6glichkeiten<\/p>\n<p>Interessiert? Anmeldungen noch m\u00f6glich!<br \/>\n\u00dcber mich k\u00f6nnen Sie verg\u00fcnstigt teilnehmen und 15% sparen. Einfach bei der Anmeldung den Vorteilscode 77D2502057 eingeben.<\/span><\/span><\/p>\n<p>https:\/\/live.handelsblatt.com\/event\/handelsblatt-cpo-summit\/?utm_medium=ko&#038;utm_source=77&#038;utm_campaign=P1201199<\/p>","protected":false},"excerpt":{"rendered":"<p>\u2139\ufe0fHANDELSBLATT CPO-SUMMIT 2026\u2139\ufe0f Der etablierte, von Einkaufsleitern und auch mir sehr gesch\u00e4tzte 3. Handelsblatt CPO-Summit f\u00fcr Einkaufs- und Procurement-F\u00fchrungskr\u00e4fte findet statt am: \ud83d\udcc5 27.4 und 28.4.2026 in D\u00fcsseldorf Vom DAX-Konzern zum Mittelstand schauen wir branchen\u00fcbergreifend auf die Themen, die den Einkauf bewegen. Sachlich, konstruktiv und kritisch. Insbesondere in Zeiten geopolitischer Umbr\u00fcche stehen Einkauf und CPO im Zentrum und m\u00fcssen mehr denn je als strategischer Zukunftsgestalter agieren. Inhalte \u2705Wie k\u00f6nnen Einkaufsstrategien widerstandsf\u00e4hig und zukunftsorientiert gestaltet werden? \u2705Wie wird AI zum Gamechanger f\u00fcr Einkaufsorganisationen? \u2705Br\u00fccken bauen: Einkauf im Schulterschluss mit Vertrieb, Produktion, Entwicklung und Finance \u2705Welche Rolle spielt der CPO als Treiber f\u00fcr Innovation und Transformation? \u2705Wie gelingt der Spagat zwischen Nachhaltigkeit und Wirtschaftlichkeit? Das erwartet Sie \u2714\ufe0fTreffen Sie die Einkaufsentscheiderinnen und -entscheider gro\u00dfer und mittelst\u00e4ndischer Unternehmen aller Branche in einem exklusiven Rahmen. \u2714\ufe0f Internationale Einblicke durch Live-Schaltungen zu Handelsblatt-Korrespondentinnen und -Korrespondenten. \u2714\ufe0fAustausch auf Augenh\u00f6he \u2013 tauschen Sie sich in vertraulichem Rahmen aus. \u2714\ufe0f Erleben Sie mit vielen Best Practices, Powertalks, Panel-Diskussionen, Impuls-Vortr\u00e4gen und unterschiedlichen Networking-M\u00f6glichkeiten Interessiert? Anmeldungen noch m\u00f6glich! \u00dcber mich k\u00f6nnen Sie verg\u00fcnstigt teilnehmen und 15% sparen. Einfach bei der Anmeldung den Vorteilscode 77D2502057 eingeben. https:\/\/live.handelsblatt.com\/event\/handelsblatt-cpo-summit\/?utm_medium=ko&#038;utm_source=77&#038;utm_campaign=P1201199<\/p>","protected":false},"author":2,"featured_media":5234,"comment_status":"open","ping_status":"open","sticky":false,"template":"","format":"standard","meta":{"footnotes":""},"categories":[1],"tags":[],"class_list":["post-5233","post","type-post","status-publish","format-standard","has-post-thumbnail","hentry","category-uncategorized","entry"],"yoast_head":"<!-- This site is optimized with the Yoast SEO plugin v24.1 - https:\/\/yoast.com\/wordpress\/plugins\/seo\/ -->\n<title>HANDELSBLATT CPO-SUMMIT 2026 - targetP<\/title>\n<meta name=\"description\" content=\"HANDELSBLATT CPO-SUMMIT 2026. Auch in diesem Jahr wieder dabei. Jan-Henner Thei\u00dfen, targetP evolving procurement\" \/>\n<meta name=\"robots\" content=\"index, follow, max-snippet:-1, max-image-preview:large, max-video-preview:-1\" \/>\n<link rel=\"canonical\" href=\"https:\/\/interim-manager-einkauf.de\/en\/handelsblatt-cpo-summit-2026\/\" \/>\n<meta property=\"og:locale\" content=\"en_US\" \/>\n<meta property=\"og:type\" content=\"article\" \/>\n<meta property=\"og:title\" content=\"HANDELSBLATT CPO-SUMMIT 2026 - targetP\" \/>\n<meta property=\"og:description\" content=\"HANDELSBLATT CPO-SUMMIT 2026. Auch in diesem Jahr wieder dabei. Jan-Henner Thei\u00dfen, targetP evolving procurement\" \/>\n<meta property=\"og:url\" content=\"https:\/\/interim-manager-einkauf.de\/en\/handelsblatt-cpo-summit-2026\/\" \/>\n<meta property=\"og:site_name\" content=\"targetP\" \/>\n<meta property=\"article:published_time\" content=\"2026-03-09T08:15:37+00:00\" \/>\n<meta property=\"article:modified_time\" content=\"2026-03-08T09:59:34+00:00\" \/>\n<meta property=\"og:image\" content=\"https:\/\/interim-manager-einkauf.de\/wp-content\/uploads\/2026\/03\/1772437164191.jpg\" \/>\n\t<meta property=\"og:image:width\" content=\"1080\" \/>\n\t<meta property=\"og:image:height\" content=\"1080\" \/>\n\t<meta property=\"og:image:type\" content=\"image\/jpeg\" \/>\n<meta name=\"author\" content=\"Jan-Henner Thei\u00dfen\" \/>\n<meta name=\"twitter:card\" content=\"summary_large_image\" \/>\n<meta name=\"twitter:label1\" content=\"Written by\" \/>\n\t<meta name=\"twitter:data1\" content=\"Jan-Henner Thei\u00dfen\" \/>\n\t<meta name=\"twitter:label2\" content=\"Est. reading time\" \/>\n\t<meta name=\"twitter:data2\" content=\"2 minutes\" \/>\n<script type=\"application\/ld+json\" class=\"yoast-schema-graph\">{\"@context\":\"https:\/\/schema.org\",\"@graph\":[{\"@type\":\"Article\",\"@id\":\"https:\/\/interim-manager-einkauf.de\/handelsblatt-cpo-summit-2026\/#article\",\"isPartOf\":{\"@id\":\"https:\/\/interim-manager-einkauf.de\/handelsblatt-cpo-summit-2026\/\"},\"author\":{\"name\":\"Jan-Henner Thei\u00dfen\",\"@id\":\"https:\/\/interim-manager-einkauf.de\/#\/schema\/person\/2a95808f3172240cd87963820c350852\"},\"headline\":\"HANDELSBLATT CPO-SUMMIT 2026\",\"datePublished\":\"2026-03-09T08:15:37+00:00\",\"dateModified\":\"2026-03-08T09:59:34+00:00\",\"mainEntityOfPage\":{\"@id\":\"https:\/\/interim-manager-einkauf.de\/handelsblatt-cpo-summit-2026\/\"},\"wordCount\":215,\"commentCount\":0,\"publisher\":{\"@id\":\"https:\/\/interim-manager-einkauf.de\/#organization\"},\"image\":{\"@id\":\"https:\/\/interim-manager-einkauf.de\/handelsblatt-cpo-summit-2026\/#primaryimage\"},\"thumbnailUrl\":\"https:\/\/interim-manager-einkauf.de\/wp-content\/uploads\/2026\/03\/1772437164191.jpg\",\"inLanguage\":\"en-US\",\"potentialAction\":[{\"@type\":\"CommentAction\",\"name\":\"Comment\",\"target\":[\"https:\/\/interim-manager-einkauf.de\/handelsblatt-cpo-summit-2026\/#respond\"]}]},{\"@type\":\"WebPage\",\"@id\":\"https:\/\/interim-manager-einkauf.de\/handelsblatt-cpo-summit-2026\/\",\"url\":\"https:\/\/interim-manager-einkauf.de\/handelsblatt-cpo-summit-2026\/\",\"name\":\"HANDELSBLATT CPO-SUMMIT 2026 - targetP\",\"isPartOf\":{\"@id\":\"https:\/\/interim-manager-einkauf.de\/#website\"},\"primaryImageOfPage\":{\"@id\":\"https:\/\/interim-manager-einkauf.de\/handelsblatt-cpo-summit-2026\/#primaryimage\"},\"image\":{\"@id\":\"https:\/\/interim-manager-einkauf.de\/handelsblatt-cpo-summit-2026\/#primaryimage\"},\"thumbnailUrl\":\"https:\/\/interim-manager-einkauf.de\/wp-content\/uploads\/2026\/03\/1772437164191.jpg\",\"datePublished\":\"2026-03-09T08:15:37+00:00\",\"dateModified\":\"2026-03-08T09:59:34+00:00\",\"description\":\"HANDELSBLATT CPO-SUMMIT 2026. Auch in diesem Jahr wieder dabei. Jan-Henner Thei\u00dfen, targetP evolving procurement\",\"breadcrumb\":{\"@id\":\"https:\/\/interim-manager-einkauf.de\/handelsblatt-cpo-summit-2026\/#breadcrumb\"},\"inLanguage\":\"en-US\",\"potentialAction\":[{\"@type\":\"ReadAction\",\"target\":[\"https:\/\/interim-manager-einkauf.de\/handelsblatt-cpo-summit-2026\/\"]}]},{\"@type\":\"ImageObject\",\"inLanguage\":\"en-US\",\"@id\":\"https:\/\/interim-manager-einkauf.de\/handelsblatt-cpo-summit-2026\/#primaryimage\",\"url\":\"https:\/\/interim-manager-einkauf.de\/wp-content\/uploads\/2026\/03\/1772437164191.jpg\",\"contentUrl\":\"https:\/\/interim-manager-einkauf.de\/wp-content\/uploads\/2026\/03\/1772437164191.jpg\",\"width\":1080,\"height\":1080,\"caption\":\"Handelsblatt CPO-Summit 2026\"},{\"@type\":\"BreadcrumbList\",\"@id\":\"https:\/\/interim-manager-einkauf.de\/handelsblatt-cpo-summit-2026\/#breadcrumb\",\"itemListElement\":[{\"@type\":\"ListItem\",\"position\":1,\"name\":\"Home\",\"item\":\"https:\/\/interim-manager-einkauf.de\/\"},{\"@type\":\"ListItem\",\"position\":2,\"name\":\"HANDELSBLATT CPO-SUMMIT 2026\"}]},{\"@type\":\"WebSite\",\"@id\":\"https:\/\/interim-manager-einkauf.de\/#website\",\"url\":\"https:\/\/interim-manager-einkauf.de\/\",\"name\":\"targetP\",\"description\":\"\",\"publisher\":{\"@id\":\"https:\/\/interim-manager-einkauf.de\/#organization\"},\"potentialAction\":[{\"@type\":\"SearchAction\",\"target\":{\"@type\":\"EntryPoint\",\"urlTemplate\":\"https:\/\/interim-manager-einkauf.de\/?s={search_term_string}\"},\"query-input\":{\"@type\":\"PropertyValueSpecification\",\"valueRequired\":true,\"valueName\":\"search_term_string\"}}],\"inLanguage\":\"en-US\"},{\"@type\":\"Organization\",\"@id\":\"https:\/\/interim-manager-einkauf.de\/#organization\",\"name\":\"targetP\",\"url\":\"https:\/\/interim-manager-einkauf.de\/\",\"logo\":{\"@type\":\"ImageObject\",\"inLanguage\":\"en-US\",\"@id\":\"https:\/\/interim-manager-einkauf.de\/#\/schema\/logo\/image\/\",\"url\":\"https:\/\/interim-manager-einkauf.de\/wp-content\/uploads\/2024\/05\/logo_targetP_2024_interim_V2.png\",\"contentUrl\":\"https:\/\/interim-manager-einkauf.de\/wp-content\/uploads\/2024\/05\/logo_targetP_2024_interim_V2.png\",\"width\":1280,\"height\":322,\"caption\":\"targetP\"},\"image\":{\"@id\":\"https:\/\/interim-manager-einkauf.de\/#\/schema\/logo\/image\/\"}},{\"@type\":\"Person\",\"@id\":\"https:\/\/interim-manager-einkauf.de\/#\/schema\/person\/2a95808f3172240cd87963820c350852\",\"name\":\"Jan-Henner Thei\u00dfen\",\"image\":{\"@type\":\"ImageObject\",\"inLanguage\":\"en-US\",\"@id\":\"https:\/\/interim-manager-einkauf.de\/#\/schema\/person\/image\/\",\"url\":\"https:\/\/secure.gravatar.com\/avatar\/91dbbe7329b8b1168ec3929cc7a4771f?s=96&d=mm&r=g\",\"contentUrl\":\"https:\/\/secure.gravatar.com\/avatar\/91dbbe7329b8b1168ec3929cc7a4771f?s=96&d=mm&r=g\",\"caption\":\"Jan-Henner Thei\u00dfen\"},\"url\":\"https:\/\/interim-manager-einkauf.de\/en\/author\/jhtheissen\/\"}]}<\/script>\n<!-- \/ Yoast SEO plugin. -->","yoast_head_json":{"title":"HANDELSBLATT CPO-SUMMIT 2026 - targetP","description":"HANDELSBLATT CPO-SUMMIT 2026. Auch in diesem Jahr wieder dabei. Jan-Henner Thei\u00dfen, targetP evolving procurement","robots":{"index":"index","follow":"follow","max-snippet":"max-snippet:-1","max-image-preview":"max-image-preview:large","max-video-preview":"max-video-preview:-1"},"canonical":"https:\/\/interim-manager-einkauf.de\/en\/handelsblatt-cpo-summit-2026\/","og_locale":"en_US","og_type":"article","og_title":"HANDELSBLATT CPO-SUMMIT 2026 - targetP","og_description":"HANDELSBLATT CPO-SUMMIT 2026. Auch in diesem Jahr wieder dabei. Jan-Henner Thei\u00dfen, targetP evolving procurement","og_url":"https:\/\/interim-manager-einkauf.de\/en\/handelsblatt-cpo-summit-2026\/","og_site_name":"targetP","article_published_time":"2026-03-09T08:15:37+00:00","article_modified_time":"2026-03-08T09:59:34+00:00","og_image":[{"width":1080,"height":1080,"url":"https:\/\/interim-manager-einkauf.de\/wp-content\/uploads\/2026\/03\/1772437164191.jpg","type":"image\/jpeg"}],"author":"Jan-Henner Thei\u00dfen","twitter_card":"summary_large_image","twitter_misc":{"Written by":"Jan-Henner Thei\u00dfen","Est. reading time":"2 minutes"},"schema":{"@context":"https:\/\/schema.org","@graph":[{"@type":"Article","@id":"https:\/\/interim-manager-einkauf.de\/handelsblatt-cpo-summit-2026\/#article","isPartOf":{"@id":"https:\/\/interim-manager-einkauf.de\/handelsblatt-cpo-summit-2026\/"},"author":{"name":"Jan-Henner Thei\u00dfen","@id":"https:\/\/interim-manager-einkauf.de\/#\/schema\/person\/2a95808f3172240cd87963820c350852"},"headline":"HANDELSBLATT CPO-SUMMIT 2026","datePublished":"2026-03-09T08:15:37+00:00","dateModified":"2026-03-08T09:59:34+00:00","mainEntityOfPage":{"@id":"https:\/\/interim-manager-einkauf.de\/handelsblatt-cpo-summit-2026\/"},"wordCount":215,"commentCount":0,"publisher":{"@id":"https:\/\/interim-manager-einkauf.de\/#organization"},"image":{"@id":"https:\/\/interim-manager-einkauf.de\/handelsblatt-cpo-summit-2026\/#primaryimage"},"thumbnailUrl":"https:\/\/interim-manager-einkauf.de\/wp-content\/uploads\/2026\/03\/1772437164191.jpg","inLanguage":"en-US","potentialAction":[{"@type":"CommentAction","name":"Comment","target":["https:\/\/interim-manager-einkauf.de\/handelsblatt-cpo-summit-2026\/#respond"]}]},{"@type":"WebPage","@id":"https:\/\/interim-manager-einkauf.de\/handelsblatt-cpo-summit-2026\/","url":"https:\/\/interim-manager-einkauf.de\/handelsblatt-cpo-summit-2026\/","name":"HANDELSBLATT CPO-SUMMIT 2026 - targetP","isPartOf":{"@id":"https:\/\/interim-manager-einkauf.de\/#website"},"primaryImageOfPage":{"@id":"https:\/\/interim-manager-einkauf.de\/handelsblatt-cpo-summit-2026\/#primaryimage"},"image":{"@id":"https:\/\/interim-manager-einkauf.de\/handelsblatt-cpo-summit-2026\/#primaryimage"},"thumbnailUrl":"https:\/\/interim-manager-einkauf.de\/wp-content\/uploads\/2026\/03\/1772437164191.jpg","datePublished":"2026-03-09T08:15:37+00:00","dateModified":"2026-03-08T09:59:34+00:00","description":"HANDELSBLATT CPO-SUMMIT 2026. Auch in diesem Jahr wieder dabei. Jan-Henner Thei\u00dfen, targetP evolving procurement","breadcrumb":{"@id":"https:\/\/interim-manager-einkauf.de\/handelsblatt-cpo-summit-2026\/#breadcrumb"},"inLanguage":"en-US","potentialAction":[{"@type":"ReadAction","target":["https:\/\/interim-manager-einkauf.de\/handelsblatt-cpo-summit-2026\/"]}]},{"@type":"ImageObject","inLanguage":"en-US","@id":"https:\/\/interim-manager-einkauf.de\/handelsblatt-cpo-summit-2026\/#primaryimage","url":"https:\/\/interim-manager-einkauf.de\/wp-content\/uploads\/2026\/03\/1772437164191.jpg","contentUrl":"https:\/\/interim-manager-einkauf.de\/wp-content\/uploads\/2026\/03\/1772437164191.jpg","width":1080,"height":1080,"caption":"Handelsblatt CPO-Summit 2026"},{"@type":"BreadcrumbList","@id":"https:\/\/interim-manager-einkauf.de\/handelsblatt-cpo-summit-2026\/#breadcrumb","itemListElement":[{"@type":"ListItem","position":1,"name":"Home","item":"https:\/\/interim-manager-einkauf.de\/"},{"@type":"ListItem","position":2,"name":"HANDELSBLATT CPO-SUMMIT 2026"}]},{"@type":"WebSite","@id":"https:\/\/interim-manager-einkauf.de\/#website","url":"https:\/\/interim-manager-einkauf.de\/","name":"targetP","description":"","publisher":{"@id":"https:\/\/interim-manager-einkauf.de\/#organization"},"potentialAction":[{"@type":"SearchAction","target":{"@type":"EntryPoint","urlTemplate":"https:\/\/interim-manager-einkauf.de\/?s={search_term_string}"},"query-input":{"@type":"PropertyValueSpecification","valueRequired":true,"valueName":"search_term_string"}}],"inLanguage":"en-US"},{"@type":"Organization","@id":"https:\/\/interim-manager-einkauf.de\/#organization","name":"targetP","url":"https:\/\/interim-manager-einkauf.de\/","logo":{"@type":"ImageObject","inLanguage":"en-US","@id":"https:\/\/interim-manager-einkauf.de\/#\/schema\/logo\/image\/","url":"https:\/\/interim-manager-einkauf.de\/wp-content\/uploads\/2024\/05\/logo_targetP_2024_interim_V2.png","contentUrl":"https:\/\/interim-manager-einkauf.de\/wp-content\/uploads\/2024\/05\/logo_targetP_2024_interim_V2.png","width":1280,"height":322,"caption":"targetP"},"image":{"@id":"https:\/\/interim-manager-einkauf.de\/#\/schema\/logo\/image\/"}},{"@type":"Person","@id":"https:\/\/interim-manager-einkauf.de\/#\/schema\/person\/2a95808f3172240cd87963820c350852","name":"JAN-HENNER THEISSEN","image":{"@type":"ImageObject","inLanguage":"en-US","@id":"https:\/\/interim-manager-einkauf.de\/#\/schema\/person\/image\/","url":"https:\/\/secure.gravatar.com\/avatar\/91dbbe7329b8b1168ec3929cc7a4771f?s=96&d=mm&r=g","contentUrl":"https:\/\/secure.gravatar.com\/avatar\/91dbbe7329b8b1168ec3929cc7a4771f?s=96&d=mm&r=g","caption":"Jan-Henner Thei\u00dfen"},"url":"https:\/\/interim-manager-einkauf.de\/en\/author\/jhtheissen\/"}]}},"_links":{"self":[{"href":"https:\/\/interim-manager-einkauf.de\/en\/wp-json\/wp\/v2\/posts\/5233"}],"collection":[{"href":"https:\/\/interim-manager-einkauf.de\/en\/wp-json\/wp\/v2\/posts"}],"about":[{"href":"https:\/\/interim-manager-einkauf.de\/en\/wp-json\/wp\/v2\/types\/post"}],"author":[{"embeddable":true,"href":"https:\/\/interim-manager-einkauf.de\/en\/wp-json\/wp\/v2\/users\/2"}],"replies":[{"embeddable":true,"href":"https:\/\/interim-manager-einkauf.de\/en\/wp-json\/wp\/v2\/comments?post=5233"}],"version-history":[{"count":1,"href":"https:\/\/interim-manager-einkauf.de\/en\/wp-json\/wp\/v2\/posts\/5233\/revisions"}],"predecessor-version":[{"id":5235,"href":"https:\/\/interim-manager-einkauf.de\/en\/wp-json\/wp\/v2\/posts\/5233\/revisions\/5235"}],"wp:featuredmedia":[{"embeddable":true,"href":"https:\/\/interim-manager-einkauf.de\/en\/wp-json\/wp\/v2\/media\/5234"}],"wp:attachment":[{"href":"https:\/\/interim-manager-einkauf.de\/en\/wp-json\/wp\/v2\/media?parent=5233"}],"wp:term":[{"taxonomy":"category","embeddable":true,"href":"https:\/\/interim-manager-einkauf.de\/en\/wp-json\/wp\/v2\/categories?post=5233"},{"taxonomy":"post_tag","embeddable":true,"href":"https:\/\/interim-manager-einkauf.de\/en\/wp-json\/wp\/v2\/tags?post=5233"}],"curies":[{"name":"wp","href":"https:\/\/api.w.org\/{rel}","templated":true}]}}